{"id":5705,"date":"2023-07-03T09:02:40","date_gmt":"2023-07-03T07:02:40","guid":{"rendered":"https:\/\/metiers-horlogerie.ch\/le-lycee-technique-de-biel-bienne-celebre-ses-diplomes\/"},"modified":"2023-07-11T16:08:30","modified_gmt":"2023-07-11T14:08:30","slug":"die-technische-fachschule-in-biel-feiert-seine-absolventen","status":"publish","type":"post","link":"https:\/\/metiers-horlogerie.ch\/de\/die-technische-fachschule-in-biel-feiert-seine-absolventen\/","title":{"rendered":"Die Technische Fachschule in Biel feiert seine Absolventen"},"content":{"rendered":"<div class=\"vce-row-container\" data-vce-boxed-width=\"true\"><div class=\"vce-row vce-row--col-gap-30 vce-row-content--top\" id=\"el-9a705e8e\" data-vce-do-apply=\"all el-9a705e8e\"><div class=\"vce-row-content\" data-vce-element-content=\"true\"><div class=\"vce-col vce-col--md-100p vce-col--xs-1 vce-col--xs-last vce-col--xs-first vce-col--sm-last vce-col--sm-first vce-col--md-last vce-col--lg-last vce-col--xl-last vce-col--md-first vce-col--lg-first vce-col--xl-first\" id=\"el-c34b1faf\"><div class=\"vce-col-inner\" data-vce-do-apply=\"border margin background  el-c34b1faf\"><div class=\"vce-col-content\" data-vce-element-content=\"true\" data-vce-do-apply=\"padding el-c34b1faf\"><div class=\"vce-text-block\"><div class=\"vce-text-block-wrapper vce\" id=\"el-efebb2ed\" data-vce-do-apply=\"all el-efebb2ed\"><p>Am Freitag, den 30. Juni, feierte die Technische Fachschule Biel (BBZ) seine neuen Absolventen !<\/p>\n<p>Wir gratulieren den Absolventen des Jahrgangs 2023 ganz herzlich und w\u00fcnschen ihnen alles Gute f\u00fcr die Zukunft !<\/p><\/div><\/div><\/div><\/div><\/div><\/div><\/div><\/div><div class=\"vce-row-container\" data-vce-boxed-width=\"true\"><div class=\"vce-row vce-row--col-gap-30 vce-row-content--top\" id=\"el-390ad623\" data-vce-do-apply=\"all el-390ad623\"><div class=\"vce-row-content\" data-vce-element-content=\"true\"><div class=\"vce-col vce-col--md-100p vce-col--xs-1 vce-col--xs-last vce-col--xs-first vce-col--sm-last vce-col--sm-first vce-col--md-last vce-col--lg-last vce-col--xl-last vce-col--md-first vce-col--lg-first vce-col--xl-first\" id=\"el-7333c586\"><div class=\"vce-col-inner\" data-vce-do-apply=\"border margin background  el-7333c586\"><div class=\"vce-col-content\" data-vce-element-content=\"true\" data-vce-do-apply=\"padding el-7333c586\"><div><\/div><\/div><\/div><\/div><div class=\"vce-col vce-col--md-auto vce-col--xs-1 vce-col--xs-last vce-col--xs-first vce-col--sm-last vce-col--sm-first vce-col--md-last vce-col--lg-last vce-col--xl-last vce-col--md-first vce-col--lg-first vce-col--xl-first\" id=\"el-591feec4\"><div class=\"vce-col-inner\" data-vce-do-apply=\"border margin background  el-591feec4\"><div class=\"vce-col-content\" data-vce-element-content=\"true\" data-vce-do-apply=\"padding el-591feec4\"><div class=\"vce-image-gallery vce-image-gallery--gap-10 vce-image-gallery--columns-3\"><div class=\"vce-image-gallery-wrapper vce\" id=\"el-ee5ae6b3\" data-vce-do-apply=\"all el-ee5ae6b3\"><div class=\"vce-image-gallery-list\"><div class=\"vce-image-gallery-item\"><figure class=\"vce-image-gallery-item-inner-wrapper\"><a href=\"https:\/\/metiers-horlogerie.ch\/wp-content\/uploads\/6-1-scaled.jpg\" data-lightbox=\"lightbox-ee5ae6b3\" class=\"vce-image-gallery-item-inner\"><img decoding=\"async\" class=\"vce-image-gallery-img\" src=\"https:\/\/metiers-horlogerie.ch\/wp-content\/uploads\/6-1-1024x768.jpg\" alt=\"\" title=\"CFP - Bienne 6\"><\/a><\/figure><\/div><div class=\"vce-image-gallery-item\"><figure class=\"vce-image-gallery-item-inner-wrapper\"><a href=\"https:\/\/metiers-horlogerie.ch\/wp-content\/uploads\/7-1-scaled.jpg\" data-lightbox=\"lightbox-ee5ae6b3\" class=\"vce-image-gallery-item-inner\"><img decoding=\"async\" class=\"vce-image-gallery-img\" src=\"https:\/\/metiers-horlogerie.ch\/wp-content\/uploads\/7-1-1024x768.jpg\" alt=\"\" title=\"CFP - Bienne 7\"><\/a><\/figure><\/div><div class=\"vce-image-gallery-item\"><figure class=\"vce-image-gallery-item-inner-wrapper\"><a href=\"https:\/\/metiers-horlogerie.ch\/wp-content\/uploads\/8-1-scaled.jpg\" data-lightbox=\"lightbox-ee5ae6b3\" class=\"vce-image-gallery-item-inner\"><img decoding=\"async\" class=\"vce-image-gallery-img\" src=\"https:\/\/metiers-horlogerie.ch\/wp-content\/uploads\/8-1-1024x768.jpg\" alt=\"\" title=\"CFP - Bienne 8\"><\/a><\/figure><\/div><div class=\"vce-image-gallery-item\"><figure class=\"vce-image-gallery-item-inner-wrapper\"><a href=\"https:\/\/metiers-horlogerie.ch\/wp-content\/uploads\/9-1-scaled.jpg\" data-lightbox=\"lightbox-ee5ae6b3\" class=\"vce-image-gallery-item-inner\"><img decoding=\"async\" class=\"vce-image-gallery-img\" src=\"https:\/\/metiers-horlogerie.ch\/wp-content\/uploads\/9-1-1024x768.jpg\" alt=\"\" title=\"CFP - Bienne 9\"><\/a><\/figure><\/div><div class=\"vce-image-gallery-item\"><figure class=\"vce-image-gallery-item-inner-wrapper\"><a href=\"https:\/\/metiers-horlogerie.ch\/wp-content\/uploads\/10-1-scaled.jpg\" data-lightbox=\"lightbox-ee5ae6b3\" class=\"vce-image-gallery-item-inner\"><img decoding=\"async\" class=\"vce-image-gallery-img\" src=\"https:\/\/metiers-horlogerie.ch\/wp-content\/uploads\/10-1-1024x768.jpg\" alt=\"\" title=\"CFP - Bienne 10\"><\/a><\/figure><\/div><div class=\"vce-image-gallery-item\"><figure class=\"vce-image-gallery-item-inner-wrapper\"><a href=\"https:\/\/metiers-horlogerie.ch\/wp-content\/uploads\/11-1-scaled.jpg\" data-lightbox=\"lightbox-ee5ae6b3\" class=\"vce-image-gallery-item-inner\"><img decoding=\"async\" class=\"vce-image-gallery-img\" src=\"https:\/\/metiers-horlogerie.ch\/wp-content\/uploads\/11-1-1024x768.jpg\" alt=\"\" title=\"CFP - Bienne 11\"><\/a><\/figure><\/div><div class=\"vce-image-gallery-item\"><figure class=\"vce-image-gallery-item-inner-wrapper\"><a href=\"https:\/\/metiers-horlogerie.ch\/wp-content\/uploads\/12-1-scaled.jpg\" data-lightbox=\"lightbox-ee5ae6b3\" class=\"vce-image-gallery-item-inner\"><img decoding=\"async\" class=\"vce-image-gallery-img\" src=\"https:\/\/metiers-horlogerie.ch\/wp-content\/uploads\/12-1-1024x768.jpg\" alt=\"\" title=\"CFP - Bienne 12\"><\/a><\/figure><\/div><div class=\"vce-image-gallery-item\"><figure class=\"vce-image-gallery-item-inner-wrapper\"><a href=\"https:\/\/metiers-horlogerie.ch\/wp-content\/uploads\/14-1-scaled.jpg\" data-lightbox=\"lightbox-ee5ae6b3\" class=\"vce-image-gallery-item-inner\"><img decoding=\"async\" class=\"vce-image-gallery-img\" src=\"https:\/\/metiers-horlogerie.ch\/wp-content\/uploads\/14-1-1024x768.jpg\" alt=\"\" title=\"CFP - Bienne 14\"><\/a><\/figure><\/div><\/div><\/div><\/div><\/div><\/div><\/div><\/div><\/div><\/div>","protected":false},"excerpt":{"rendered":"<p>Am Freitag, den 30. Juni, feierte das Technische Fachschule Biel (BBZ) seine neuen Absolventen !<\/p>\n<p>Wir gratulieren den Absolventen des Jahrgangs 2023 ganz herzlich und w\u00fcnschen ihnen alles Gute f\u00fcr die Zukunft !<\/p>\n","protected":false},"author":4,"featured_media":5619,"comment_status":"open","ping_status":"open","sticky":false,"template":"","format":"standard","meta":{"_acf_changed":false,"_monsterinsights_skip_tracking":false,"_monsterinsights_sitenote_active":false,"_monsterinsights_sitenote_note":"","_monsterinsights_sitenote_category":0,"footnotes":""},"categories":[6,27],"tags":[],"class_list":["post-5705","post","type-post","status-publish","format-standard","has-post-thumbnail","hentry","category-highlight-fr-de","category-actualites-de"],"acf":[],"yoast_head":"<!-- This site is optimized with the Yoast SEO plugin v27.4 - https:\/\/yoast.com\/product\/yoast-seo-wordpress\/ -->\n<title>Die Technische Fachschule in Biel feiert seine Absolventen - M\u00e9tiers de l&#039;horlogerie<\/title>\n<meta name=\"description\" content=\"Am Freitag, den 30. Juni, feierte das Technische Fachschule Biel (BBZ) seine neuen Absolventen ! Wir gratulieren den Absolventen des Jahrgangs 2023 ganz herzlich und w\u00fcnschen ihnen alles Gute f\u00fcr die Zukunft !\" \/>\n<meta name=\"robots\" content=\"index, follow, max-snippet:-1, max-image-preview:large, max-video-preview:-1\" \/>\n<link rel=\"canonical\" href=\"https:\/\/metiers-horlogerie.ch\/de\/die-technische-fachschule-in-biel-feiert-seine-absolventen\/\" \/>\n<meta property=\"og:locale\" content=\"de_DE\" \/>\n<meta property=\"og:type\" content=\"article\" \/>\n<meta property=\"og:title\" content=\"Die Technische Fachschule in Biel feiert seine Absolventen - M\u00e9tiers de l&#039;horlogerie\" \/>\n<meta property=\"og:description\" content=\"Am Freitag, den 30. Juni, feierte das Technische Fachschule Biel (BBZ) seine neuen Absolventen ! Wir gratulieren den Absolventen des Jahrgangs 2023 ganz herzlich und w\u00fcnschen ihnen alles Gute f\u00fcr die Zukunft !\" \/>\n<meta property=\"og:url\" content=\"https:\/\/metiers-horlogerie.ch\/de\/die-technische-fachschule-in-biel-feiert-seine-absolventen\/\" \/>\n<meta property=\"og:site_name\" content=\"M\u00e9tiers de l&#039;horlogerie\" \/>\n<meta property=\"article:published_time\" content=\"2023-07-03T07:02:40+00:00\" \/>\n<meta property=\"article:modified_time\" content=\"2023-07-11T14:08:30+00:00\" \/>\n<meta property=\"og:image\" content=\"http:\/\/metiers-horlogerie.ch\/wp-content\/uploads\/133-scaled.jpg\" \/>\n\t<meta property=\"og:image:width\" content=\"2560\" \/>\n\t<meta property=\"og:image:height\" content=\"1993\" \/>\n\t<meta property=\"og:image:type\" content=\"image\/jpeg\" \/>\n<meta name=\"author\" content=\"Anjeska B\u00e9guin\" \/>\n<meta name=\"twitter:card\" content=\"summary_large_image\" \/>\n<meta name=\"twitter:label1\" content=\"Verfasst von\" \/>\n\t<meta name=\"twitter:data1\" content=\"Anjeska B\u00e9guin\" \/>\n\t<meta name=\"twitter:label2\" content=\"Gesch\u00e4tzte Lesezeit\" \/>\n\t<meta name=\"twitter:data2\" content=\"2\u00a0Minuten\" \/>\n<script type=\"application\/ld+json\" class=\"yoast-schema-graph\">{\"@context\":\"https:\\\/\\\/schema.org\",\"@graph\":[{\"@type\":\"Article\",\"@id\":\"https:\\\/\\\/metiers-horlogerie.ch\\\/de\\\/die-technische-fachschule-in-biel-feiert-seine-absolventen\\\/#article\",\"isPartOf\":{\"@id\":\"https:\\\/\\\/metiers-horlogerie.ch\\\/de\\\/die-technische-fachschule-in-biel-feiert-seine-absolventen\\\/\"},\"author\":{\"name\":\"Anjeska B\u00e9guin\",\"@id\":\"https:\\\/\\\/metiers-horlogerie.ch\\\/#\\\/schema\\\/person\\\/47a39f73ba12c51ef9ade0c812056fa6\"},\"headline\":\"Die Technische Fachschule in Biel feiert seine Absolventen\",\"datePublished\":\"2023-07-03T07:02:40+00:00\",\"dateModified\":\"2023-07-11T14:08:30+00:00\",\"mainEntityOfPage\":{\"@id\":\"https:\\\/\\\/metiers-horlogerie.ch\\\/de\\\/die-technische-fachschule-in-biel-feiert-seine-absolventen\\\/\"},\"wordCount\":39,\"commentCount\":0,\"image\":{\"@id\":\"https:\\\/\\\/metiers-horlogerie.ch\\\/de\\\/die-technische-fachschule-in-biel-feiert-seine-absolventen\\\/#primaryimage\"},\"thumbnailUrl\":\"https:\\\/\\\/metiers-horlogerie.ch\\\/wp-content\\\/uploads\\\/133-scaled.jpg\",\"articleSection\":[\"highlight-fr\",\"Nachrichten\"],\"inLanguage\":\"de\",\"potentialAction\":[{\"@type\":\"CommentAction\",\"name\":\"Comment\",\"target\":[\"https:\\\/\\\/metiers-horlogerie.ch\\\/de\\\/die-technische-fachschule-in-biel-feiert-seine-absolventen\\\/#respond\"]}]},{\"@type\":\"WebPage\",\"@id\":\"https:\\\/\\\/metiers-horlogerie.ch\\\/de\\\/die-technische-fachschule-in-biel-feiert-seine-absolventen\\\/\",\"url\":\"https:\\\/\\\/metiers-horlogerie.ch\\\/de\\\/die-technische-fachschule-in-biel-feiert-seine-absolventen\\\/\",\"name\":\"Die Technische Fachschule in Biel feiert seine Absolventen - M\u00e9tiers de l&#039;horlogerie\",\"isPartOf\":{\"@id\":\"https:\\\/\\\/metiers-horlogerie.ch\\\/#website\"},\"primaryImageOfPage\":{\"@id\":\"https:\\\/\\\/metiers-horlogerie.ch\\\/de\\\/die-technische-fachschule-in-biel-feiert-seine-absolventen\\\/#primaryimage\"},\"image\":{\"@id\":\"https:\\\/\\\/metiers-horlogerie.ch\\\/de\\\/die-technische-fachschule-in-biel-feiert-seine-absolventen\\\/#primaryimage\"},\"thumbnailUrl\":\"https:\\\/\\\/metiers-horlogerie.ch\\\/wp-content\\\/uploads\\\/133-scaled.jpg\",\"datePublished\":\"2023-07-03T07:02:40+00:00\",\"dateModified\":\"2023-07-11T14:08:30+00:00\",\"author\":{\"@id\":\"https:\\\/\\\/metiers-horlogerie.ch\\\/#\\\/schema\\\/person\\\/47a39f73ba12c51ef9ade0c812056fa6\"},\"description\":\"Am Freitag, den 30. Juni, feierte das Technische Fachschule Biel (BBZ) seine neuen Absolventen ! Wir gratulieren den Absolventen des Jahrgangs 2023 ganz herzlich und w\u00fcnschen ihnen alles Gute f\u00fcr die Zukunft !\",\"breadcrumb\":{\"@id\":\"https:\\\/\\\/metiers-horlogerie.ch\\\/de\\\/die-technische-fachschule-in-biel-feiert-seine-absolventen\\\/#breadcrumb\"},\"inLanguage\":\"de\",\"potentialAction\":[{\"@type\":\"ReadAction\",\"target\":[\"https:\\\/\\\/metiers-horlogerie.ch\\\/de\\\/die-technische-fachschule-in-biel-feiert-seine-absolventen\\\/\"]}]},{\"@type\":\"ImageObject\",\"inLanguage\":\"de\",\"@id\":\"https:\\\/\\\/metiers-horlogerie.ch\\\/de\\\/die-technische-fachschule-in-biel-feiert-seine-absolventen\\\/#primaryimage\",\"url\":\"https:\\\/\\\/metiers-horlogerie.ch\\\/wp-content\\\/uploads\\\/133-scaled.jpg\",\"contentUrl\":\"https:\\\/\\\/metiers-horlogerie.ch\\\/wp-content\\\/uploads\\\/133-scaled.jpg\",\"width\":2560,\"height\":1993},{\"@type\":\"BreadcrumbList\",\"@id\":\"https:\\\/\\\/metiers-horlogerie.ch\\\/de\\\/die-technische-fachschule-in-biel-feiert-seine-absolventen\\\/#breadcrumb\",\"itemListElement\":[{\"@type\":\"ListItem\",\"position\":1,\"name\":\"Accueil\",\"item\":\"https:\\\/\\\/metiers-horlogerie.ch\\\/de\\\/\"},{\"@type\":\"ListItem\",\"position\":2,\"name\":\"Die Technische Fachschule in Biel feiert seine Absolventen\"}]},{\"@type\":\"WebSite\",\"@id\":\"https:\\\/\\\/metiers-horlogerie.ch\\\/#website\",\"url\":\"https:\\\/\\\/metiers-horlogerie.ch\\\/\",\"name\":\"M\u00e9tiers de l&#039;horlogerie\",\"description\":\"D\u00e9couvrir les m\u00e9tiers li\u00e9s \u00e0 l&#039;horlogerie\",\"potentialAction\":[{\"@type\":\"SearchAction\",\"target\":{\"@type\":\"EntryPoint\",\"urlTemplate\":\"https:\\\/\\\/metiers-horlogerie.ch\\\/?s={search_term_string}\"},\"query-input\":{\"@type\":\"PropertyValueSpecification\",\"valueRequired\":true,\"valueName\":\"search_term_string\"}}],\"inLanguage\":\"de\"},{\"@type\":\"Person\",\"@id\":\"https:\\\/\\\/metiers-horlogerie.ch\\\/#\\\/schema\\\/person\\\/47a39f73ba12c51ef9ade0c812056fa6\",\"name\":\"Anjeska B\u00e9guin\",\"image\":{\"@type\":\"ImageObject\",\"inLanguage\":\"de\",\"@id\":\"https:\\\/\\\/secure.gravatar.com\\\/avatar\\\/b74bef712fe3590c9f74d236e2bbd84f152ae860530ef28c7a8d1d10de096f2d?s=96&d=mm&r=g\",\"url\":\"https:\\\/\\\/secure.gravatar.com\\\/avatar\\\/b74bef712fe3590c9f74d236e2bbd84f152ae860530ef28c7a8d1d10de096f2d?s=96&d=mm&r=g\",\"contentUrl\":\"https:\\\/\\\/secure.gravatar.com\\\/avatar\\\/b74bef712fe3590c9f74d236e2bbd84f152ae860530ef28c7a8d1d10de096f2d?s=96&d=mm&r=g\",\"caption\":\"Anjeska B\u00e9guin\"},\"url\":\"https:\\\/\\\/metiers-horlogerie.ch\\\/de\\\/author\\\/anjeska-beguin\\\/\"}]}<\/script>\n<!-- \/ Yoast SEO plugin. -->","yoast_head_json":{"title":"Die Technische Fachschule in Biel feiert seine Absolventen - M\u00e9tiers de l&#039;horlogerie","description":"Am Freitag, den 30. Juni, feierte das Technische Fachschule Biel (BBZ) seine neuen Absolventen ! Wir gratulieren den Absolventen des Jahrgangs 2023 ganz herzlich und w\u00fcnschen ihnen alles Gute f\u00fcr die Zukunft !","robots":{"index":"index","follow":"follow","max-snippet":"max-snippet:-1","max-image-preview":"max-image-preview:large","max-video-preview":"max-video-preview:-1"},"canonical":"https:\/\/metiers-horlogerie.ch\/de\/die-technische-fachschule-in-biel-feiert-seine-absolventen\/","og_locale":"de_DE","og_type":"article","og_title":"Die Technische Fachschule in Biel feiert seine Absolventen - M\u00e9tiers de l&#039;horlogerie","og_description":"Am Freitag, den 30. Juni, feierte das Technische Fachschule Biel (BBZ) seine neuen Absolventen ! Wir gratulieren den Absolventen des Jahrgangs 2023 ganz herzlich und w\u00fcnschen ihnen alles Gute f\u00fcr die Zukunft !","og_url":"https:\/\/metiers-horlogerie.ch\/de\/die-technische-fachschule-in-biel-feiert-seine-absolventen\/","og_site_name":"M\u00e9tiers de l&#039;horlogerie","article_published_time":"2023-07-03T07:02:40+00:00","article_modified_time":"2023-07-11T14:08:30+00:00","og_image":[{"width":2560,"height":1993,"url":"http:\/\/metiers-horlogerie.ch\/wp-content\/uploads\/133-scaled.jpg","type":"image\/jpeg"}],"author":"Anjeska B\u00e9guin","twitter_card":"summary_large_image","twitter_misc":{"Verfasst von":"Anjeska B\u00e9guin","Gesch\u00e4tzte Lesezeit":"2\u00a0Minuten"},"schema":{"@context":"https:\/\/schema.org","@graph":[{"@type":"Article","@id":"https:\/\/metiers-horlogerie.ch\/de\/die-technische-fachschule-in-biel-feiert-seine-absolventen\/#article","isPartOf":{"@id":"https:\/\/metiers-horlogerie.ch\/de\/die-technische-fachschule-in-biel-feiert-seine-absolventen\/"},"author":{"name":"Anjeska B\u00e9guin","@id":"https:\/\/metiers-horlogerie.ch\/#\/schema\/person\/47a39f73ba12c51ef9ade0c812056fa6"},"headline":"Die Technische Fachschule in Biel feiert seine Absolventen","datePublished":"2023-07-03T07:02:40+00:00","dateModified":"2023-07-11T14:08:30+00:00","mainEntityOfPage":{"@id":"https:\/\/metiers-horlogerie.ch\/de\/die-technische-fachschule-in-biel-feiert-seine-absolventen\/"},"wordCount":39,"commentCount":0,"image":{"@id":"https:\/\/metiers-horlogerie.ch\/de\/die-technische-fachschule-in-biel-feiert-seine-absolventen\/#primaryimage"},"thumbnailUrl":"https:\/\/metiers-horlogerie.ch\/wp-content\/uploads\/133-scaled.jpg","articleSection":["highlight-fr","Nachrichten"],"inLanguage":"de","potentialAction":[{"@type":"CommentAction","name":"Comment","target":["https:\/\/metiers-horlogerie.ch\/de\/die-technische-fachschule-in-biel-feiert-seine-absolventen\/#respond"]}]},{"@type":"WebPage","@id":"https:\/\/metiers-horlogerie.ch\/de\/die-technische-fachschule-in-biel-feiert-seine-absolventen\/","url":"https:\/\/metiers-horlogerie.ch\/de\/die-technische-fachschule-in-biel-feiert-seine-absolventen\/","name":"Die Technische Fachschule in Biel feiert seine Absolventen - M\u00e9tiers de l&#039;horlogerie","isPartOf":{"@id":"https:\/\/metiers-horlogerie.ch\/#website"},"primaryImageOfPage":{"@id":"https:\/\/metiers-horlogerie.ch\/de\/die-technische-fachschule-in-biel-feiert-seine-absolventen\/#primaryimage"},"image":{"@id":"https:\/\/metiers-horlogerie.ch\/de\/die-technische-fachschule-in-biel-feiert-seine-absolventen\/#primaryimage"},"thumbnailUrl":"https:\/\/metiers-horlogerie.ch\/wp-content\/uploads\/133-scaled.jpg","datePublished":"2023-07-03T07:02:40+00:00","dateModified":"2023-07-11T14:08:30+00:00","author":{"@id":"https:\/\/metiers-horlogerie.ch\/#\/schema\/person\/47a39f73ba12c51ef9ade0c812056fa6"},"description":"Am Freitag, den 30. Juni, feierte das Technische Fachschule Biel (BBZ) seine neuen Absolventen ! Wir gratulieren den Absolventen des Jahrgangs 2023 ganz herzlich und w\u00fcnschen ihnen alles Gute f\u00fcr die Zukunft !","breadcrumb":{"@id":"https:\/\/metiers-horlogerie.ch\/de\/die-technische-fachschule-in-biel-feiert-seine-absolventen\/#breadcrumb"},"inLanguage":"de","potentialAction":[{"@type":"ReadAction","target":["https:\/\/metiers-horlogerie.ch\/de\/die-technische-fachschule-in-biel-feiert-seine-absolventen\/"]}]},{"@type":"ImageObject","inLanguage":"de","@id":"https:\/\/metiers-horlogerie.ch\/de\/die-technische-fachschule-in-biel-feiert-seine-absolventen\/#primaryimage","url":"https:\/\/metiers-horlogerie.ch\/wp-content\/uploads\/133-scaled.jpg","contentUrl":"https:\/\/metiers-horlogerie.ch\/wp-content\/uploads\/133-scaled.jpg","width":2560,"height":1993},{"@type":"BreadcrumbList","@id":"https:\/\/metiers-horlogerie.ch\/de\/die-technische-fachschule-in-biel-feiert-seine-absolventen\/#breadcrumb","itemListElement":[{"@type":"ListItem","position":1,"name":"Accueil","item":"https:\/\/metiers-horlogerie.ch\/de\/"},{"@type":"ListItem","position":2,"name":"Die Technische Fachschule in Biel feiert seine Absolventen"}]},{"@type":"WebSite","@id":"https:\/\/metiers-horlogerie.ch\/#website","url":"https:\/\/metiers-horlogerie.ch\/","name":"M\u00e9tiers de l&#039;horlogerie","description":"D\u00e9couvrir les m\u00e9tiers li\u00e9s \u00e0 l&#039;horlogerie","potentialAction":[{"@type":"SearchAction","target":{"@type":"EntryPoint","urlTemplate":"https:\/\/metiers-horlogerie.ch\/?s={search_term_string}"},"query-input":{"@type":"PropertyValueSpecification","valueRequired":true,"valueName":"search_term_string"}}],"inLanguage":"de"},{"@type":"Person","@id":"https:\/\/metiers-horlogerie.ch\/#\/schema\/person\/47a39f73ba12c51ef9ade0c812056fa6","name":"Anjeska B\u00e9guin","image":{"@type":"ImageObject","inLanguage":"de","@id":"https:\/\/secure.gravatar.com\/avatar\/b74bef712fe3590c9f74d236e2bbd84f152ae860530ef28c7a8d1d10de096f2d?s=96&d=mm&r=g","url":"https:\/\/secure.gravatar.com\/avatar\/b74bef712fe3590c9f74d236e2bbd84f152ae860530ef28c7a8d1d10de096f2d?s=96&d=mm&r=g","contentUrl":"https:\/\/secure.gravatar.com\/avatar\/b74bef712fe3590c9f74d236e2bbd84f152ae860530ef28c7a8d1d10de096f2d?s=96&d=mm&r=g","caption":"Anjeska B\u00e9guin"},"url":"https:\/\/metiers-horlogerie.ch\/de\/author\/anjeska-beguin\/"}]}},"_links":{"self":[{"href":"https:\/\/metiers-horlogerie.ch\/de\/wp-json\/wp\/v2\/posts\/5705","targetHints":{"allow":["GET"]}}],"collection":[{"href":"https:\/\/metiers-horlogerie.ch\/de\/wp-json\/wp\/v2\/posts"}],"about":[{"href":"https:\/\/metiers-horlogerie.ch\/de\/wp-json\/wp\/v2\/types\/post"}],"author":[{"embeddable":true,"href":"https:\/\/metiers-horlogerie.ch\/de\/wp-json\/wp\/v2\/users\/4"}],"replies":[{"embeddable":true,"href":"https:\/\/metiers-horlogerie.ch\/de\/wp-json\/wp\/v2\/comments?post=5705"}],"version-history":[{"count":6,"href":"https:\/\/metiers-horlogerie.ch\/de\/wp-json\/wp\/v2\/posts\/5705\/revisions"}],"predecessor-version":[{"id":5787,"href":"https:\/\/metiers-horlogerie.ch\/de\/wp-json\/wp\/v2\/posts\/5705\/revisions\/5787"}],"wp:featuredmedia":[{"embeddable":true,"href":"https:\/\/metiers-horlogerie.ch\/de\/wp-json\/wp\/v2\/media\/5619"}],"wp:attachment":[{"href":"https:\/\/metiers-horlogerie.ch\/de\/wp-json\/wp\/v2\/media?parent=5705"}],"wp:term":[{"taxonomy":"category","embeddable":true,"href":"https:\/\/metiers-horlogerie.ch\/de\/wp-json\/wp\/v2\/categories?post=5705"},{"taxonomy":"post_tag","embeddable":true,"href":"https:\/\/metiers-horlogerie.ch\/de\/wp-json\/wp\/v2\/tags?post=5705"}],"curies":[{"name":"wp","href":"https:\/\/api.w.org\/{rel}","templated":true}]}}